{"id":337,"date":"2018-09-29T07:59:42","date_gmt":"2018-09-29T05:59:42","guid":{"rendered":"http:\/\/portail.perspective-implantaire.org\/?p=337"},"modified":"2019-12-16T11:26:10","modified_gmt":"2019-12-16T10:26:10","slug":"prochaine-session-2-debut-octobre-2019-musee-fabre-montpellier","status":"publish","type":"post","link":"https:\/\/portail.perspective-implantaire.org\/?p=337","title":{"rendered":"Pr\u00e9c\u00e9dente session : d\u00e9but octobre 2019 : Mus\u00e9e Fabre, Montpellier"},"content":{"rendered":"<p>d\u00e9tails prochainement<\/p>\n<p>&nbsp;<\/p>\n","protected":false},"excerpt":{"rendered":"<p>d\u00e9tails prochainement &nbsp;<\/p>\n","protected":false},"author":1,"featured_media":0,"comment_status":"closed","ping_status":"closed","sticky":false,"template":"","format":"standard","meta":{"footnotes":"","_links_to":"","_links_to_target":""},"categories":[3,4],"tags":[],"class_list":["post-337","post","type-post","status-publish","format-standard","hentry","category-news","category-previous"],"_links":{"self":[{"href":"https:\/\/portail.perspective-implantaire.org\/index.php?rest_route=\/wp\/v2\/posts\/337","targetHints":{"allow":["GET"]}}],"collection":[{"href":"https:\/\/portail.perspective-implantaire.org\/index.php?rest_route=\/wp\/v2\/posts"}],"about":[{"href":"https:\/\/portail.perspective-implantaire.org\/index.php?rest_route=\/wp\/v2\/types\/post"}],"author":[{"embeddable":true,"href":"https:\/\/portail.perspective-implantaire.org\/index.php?rest_route=\/wp\/v2\/users\/1"}],"replies":[{"embeddable":true,"href":"https:\/\/portail.perspective-implantaire.org\/index.php?rest_route=%2Fwp%2Fv2%2Fcomments&post=337"}],"version-history":[{"count":4,"href":"https:\/\/portail.perspective-implantaire.org\/index.php?rest_route=\/wp\/v2\/posts\/337\/revisions"}],"predecessor-version":[{"id":352,"href":"https:\/\/portail.perspective-implantaire.org\/index.php?rest_route=\/wp\/v2\/posts\/337\/revisions\/352"}],"wp:attachment":[{"href":"https:\/\/portail.perspective-implantaire.org\/index.php?rest_route=%2Fwp%2Fv2%2Fmedia&parent=337"}],"wp:term":[{"taxonomy":"category","embeddable":true,"href":"https:\/\/portail.perspective-implantaire.org\/index.php?rest_route=%2Fwp%2Fv2%2Fcategories&post=337"},{"taxonomy":"post_tag","embeddable":true,"href":"https:\/\/portail.perspective-implantaire.org\/index.php?rest_route=%2Fwp%2Fv2%2Ftags&post=337"}],"curies":[{"name":"wp","href":"https:\/\/api.w.org\/{rel}","templated":true}]}}