{"id":258,"date":"2017-01-26T09:11:29","date_gmt":"2017-01-26T08:11:29","guid":{"rendered":"http:\/\/portail.perspective-implantaire.org\/?p=258"},"modified":"2017-11-26T19:04:09","modified_gmt":"2017-11-26T18:04:09","slug":"prochaine-session-26-27-28-janvier-2017-aix-en-provence","status":"publish","type":"post","link":"https:\/\/portail.perspective-implantaire.org\/?p=258","title":{"rendered":"Pr\u00e9c\u00e9dente session: 26-27-28 janvier 2017: Aix-En-Provence"},"content":{"rendered":"<p><strong>LIEU :<\/strong> Grand H\u00f4tel Roi Ren\u00e9 Aix en Provence Centre MGallery Collection<\/p>\n<p><iframe loading=\"lazy\" src=\"https:\/\/www.google.com\/maps\/embed?pb=!1m14!1m8!1m3!1d6799.490501298099!2d5.448218181294769!3d43.52379974651801!3m2!1i1024!2i768!4f13.1!3m3!1m2!1s0x0%3A0xfd3ef0e04a6ee175!2sGrand+H%C3%B4tel+Roi+Ren%C3%A9+Aix+en+Provence+Centre+MGallery+Collection!5e1!3m2!1sfr!2sfr!4v1476603783509\" width=\"600\" height=\"450\" frameborder=\"0\" allowfullscreen=\"allowfullscreen\" data-mce-fragment=\"1\"><\/iframe><\/p>\n<p><strong>PROGRAMME D\u00e9taill\u00e9:<\/strong><\/p>\n<p><strong><u>Jeudi 26 Janvier 2017 \u00a0:\u00a0<\/u><\/strong><strong>Dr Thierry DEGORCE, Tours<br \/>\n<\/strong><strong>&#8211; <\/strong>Gestion des secteurs esth\u00e9tiques en Implanto-port\u00e9<br \/>\n&#8211; Reconstruction osseuse<br \/>\n&#8211; Gestion des tissus mous<br \/>\n&#8211; R\u00e9habilitation proth\u00e9tique<\/p>\n<p><strong><u>vendredi 27 Janvier 2017 :\u00a0<\/u><\/strong><strong>Dr Philippe GAULT, Orl\u00e9ans<br \/>\n<\/strong>&#8211; Transplantation dentaire<br \/>\n&#8211; Ligaments et implants<\/p>\n<p><strong>\u00a0<\/strong><strong>+ PRESENTRATIONS DES NOUVEAUX MEMBRES<\/strong><\/p>\n<p>&nbsp;<\/p>\n<p><strong><u>samedi 28 janvier 2017\u00a0 matin :\u00a0<\/u><\/strong><strong>Dr Joseph GUILLAUME, Pertuis<br \/>\n<\/strong>&#8211; Orthodontie et implants<\/p>\n<p>&nbsp;<\/p>\n","protected":false},"excerpt":{"rendered":"<p>LIEU : Grand H\u00f4tel Roi Ren\u00e9 Aix en Provence Centre MGallery Collection PROGRAMME D\u00e9taill\u00e9: Jeudi 26 Janvier 2017 \u00a0:\u00a0Dr Thierry DEGORCE, Tours &#8211; Gestion des secteurs esth\u00e9tiques en Implanto-port\u00e9 &#8211; Reconstruction osseuse &#8211; Gestion des tissus mous &#8211; R\u00e9habilitation proth\u00e9tique vendredi 27 Janvier 2017 :\u00a0Dr Philippe GAULT, Orl\u00e9ans &#8211; Transplantation dentaire &#8211; Ligaments et implants [&hellip;]<\/p>\n","protected":false},"author":1,"featured_media":0,"comment_status":"closed","ping_status":"closed","sticky":false,"template":"","format":"standard","meta":{"footnotes":"","_links_to":"","_links_to_target":""},"categories":[3,4],"tags":[],"class_list":["post-258","post","type-post","status-publish","format-standard","hentry","category-news","category-previous"],"_links":{"self":[{"href":"https:\/\/portail.perspective-implantaire.org\/index.php?rest_route=\/wp\/v2\/posts\/258","targetHints":{"allow":["GET"]}}],"collection":[{"href":"https:\/\/portail.perspective-implantaire.org\/index.php?rest_route=\/wp\/v2\/posts"}],"about":[{"href":"https:\/\/portail.perspective-implantaire.org\/index.php?rest_route=\/wp\/v2\/types\/post"}],"author":[{"embeddable":true,"href":"https:\/\/portail.perspective-implantaire.org\/index.php?rest_route=\/wp\/v2\/users\/1"}],"replies":[{"embeddable":true,"href":"https:\/\/portail.perspective-implantaire.org\/index.php?rest_route=%2Fwp%2Fv2%2Fcomments&post=258"}],"version-history":[{"count":4,"href":"https:\/\/portail.perspective-implantaire.org\/index.php?rest_route=\/wp\/v2\/posts\/258\/revisions"}],"predecessor-version":[{"id":313,"href":"https:\/\/portail.perspective-implantaire.org\/index.php?rest_route=\/wp\/v2\/posts\/258\/revisions\/313"}],"wp:attachment":[{"href":"https:\/\/portail.perspective-implantaire.org\/index.php?rest_route=%2Fwp%2Fv2%2Fmedia&parent=258"}],"wp:term":[{"taxonomy":"category","embeddable":true,"href":"https:\/\/portail.perspective-implantaire.org\/index.php?rest_route=%2Fwp%2Fv2%2Fcategories&post=258"},{"taxonomy":"post_tag","embeddable":true,"href":"https:\/\/portail.perspective-implantaire.org\/index.php?rest_route=%2Fwp%2Fv2%2Ftags&post=258"}],"curies":[{"name":"wp","href":"https:\/\/api.w.org\/{rel}","templated":true}]}}