{"id":249,"date":"2016-09-15T09:17:17","date_gmt":"2016-09-15T07:17:17","guid":{"rendered":"http:\/\/portail.perspective-implantaire.org\/?p=249"},"modified":"2017-11-26T19:09:18","modified_gmt":"2017-11-26T18:09:18","slug":"prochaine-session-15-16-17-septembre-2016-arles","status":"publish","type":"post","link":"https:\/\/portail.perspective-implantaire.org\/?p=249","title":{"rendered":"Pr\u00e9c\u00e9dente session: 15-16-17 septembre 2016: Arles"},"content":{"rendered":"<p>Le programme scientifique est confirm\u00e9 avec Itsvan Urban et Marcus Beschnidt.<\/p>\n<div>Notre session de septembre qui devrait tenir toute ses promesses.<\/div>\n<div>Les 2 conf\u00e9renciers sont confirm\u00e9s<\/div>\n<div><\/div>\n<div>Comit\u00e9 de Lecture: Articles visibles sur le groupe Facebook ou sur :\u00a0https:\/\/www.dropbox.com\/sh\/ib1xais2evy2jik\/AACeXKkfvadWAjZ0IZzJe51Ca?dl=0<\/div>\n<div>Si vous ne faites pas partie du groupe FB, faites une demande, le groupe s&rsquo;appelle&#8230; Perspective Implantaire !<\/div>\n<div>Attention, certains pseudos Facebook sont difficilement identifiables.<\/div>\n<div>Les discussions du CL se font sur Facebook.<\/div>\n<p>&nbsp;<\/p>\n","protected":false},"excerpt":{"rendered":"<p>Le programme scientifique est confirm\u00e9 avec Itsvan Urban et Marcus Beschnidt. Notre session de septembre qui devrait tenir toute ses promesses. Les 2 conf\u00e9renciers sont confirm\u00e9s Comit\u00e9 de Lecture: Articles visibles sur le groupe Facebook ou sur :\u00a0https:\/\/www.dropbox.com\/sh\/ib1xais2evy2jik\/AACeXKkfvadWAjZ0IZzJe51Ca?dl=0 Si vous ne faites pas partie du groupe FB, faites une demande, le groupe s&rsquo;appelle&#8230; Perspective Implantaire [&hellip;]<\/p>\n","protected":false},"author":1,"featured_media":0,"comment_status":"closed","ping_status":"closed","sticky":false,"template":"","format":"standard","meta":{"footnotes":"","_links_to":"","_links_to_target":""},"categories":[4],"tags":[],"class_list":["post-249","post","type-post","status-publish","format-standard","hentry","category-previous"],"_links":{"self":[{"href":"https:\/\/portail.perspective-implantaire.org\/index.php?rest_route=\/wp\/v2\/posts\/249","targetHints":{"allow":["GET"]}}],"collection":[{"href":"https:\/\/portail.perspective-implantaire.org\/index.php?rest_route=\/wp\/v2\/posts"}],"about":[{"href":"https:\/\/portail.perspective-implantaire.org\/index.php?rest_route=\/wp\/v2\/types\/post"}],"author":[{"embeddable":true,"href":"https:\/\/portail.perspective-implantaire.org\/index.php?rest_route=\/wp\/v2\/users\/1"}],"replies":[{"embeddable":true,"href":"https:\/\/portail.perspective-implantaire.org\/index.php?rest_route=%2Fwp%2Fv2%2Fcomments&post=249"}],"version-history":[{"count":3,"href":"https:\/\/portail.perspective-implantaire.org\/index.php?rest_route=\/wp\/v2\/posts\/249\/revisions"}],"predecessor-version":[{"id":300,"href":"https:\/\/portail.perspective-implantaire.org\/index.php?rest_route=\/wp\/v2\/posts\/249\/revisions\/300"}],"wp:attachment":[{"href":"https:\/\/portail.perspective-implantaire.org\/index.php?rest_route=%2Fwp%2Fv2%2Fmedia&parent=249"}],"wp:term":[{"taxonomy":"category","embeddable":true,"href":"https:\/\/portail.perspective-implantaire.org\/index.php?rest_route=%2Fwp%2Fv2%2Fcategories&post=249"},{"taxonomy":"post_tag","embeddable":true,"href":"https:\/\/portail.perspective-implantaire.org\/index.php?rest_route=%2Fwp%2Fv2%2Ftags&post=249"}],"curies":[{"name":"wp","href":"https:\/\/api.w.org\/{rel}","templated":true}]}}