{"id":185,"date":"2014-12-30T09:42:54","date_gmt":"2014-12-30T08:42:54","guid":{"rendered":"http:\/\/portail.perspective-implantaire.org\/?p=185"},"modified":"2016-07-18T22:55:40","modified_gmt":"2016-07-18T20:55:40","slug":"prochaine-session-2-3-4-octobre-2014-aix-en-provence","status":"publish","type":"post","link":"https:\/\/portail.perspective-implantaire.org\/?p=185","title":{"rendered":"Pr\u00e9c\u00e9dente session : 2-3-4 octobre 2014, Aix-en-Provence [maj: CR]"},"content":{"rendered":"<p>Prochaine session de PI : 2-3-4 octobre 2014<\/p>\n<p>Lieu: Aix-en-Provence, Palais des congres<\/p>\n<p><iframe loading=\"lazy\" style=\"border: 0;\" src=\"https:\/\/www.google.com\/maps\/embed?pb=!1m14!1m8!1m3!1d4595.522056896772!2d5.456585698425298!3d43.52488591149246!3m2!1i1024!2i768!4f13.1!3m3!1m2!1s0x12c98d95273ef54b%3A0x62171dfe147e84e!2sCentre+de+Congr%C3%A8s!5e1!3m2!1sfr!2sfr!4v1403595606339\" width=\"400\" height=\"300\" frameborder=\"0\"><\/iframe><\/p>\n<p>Programme:<\/p>\n<p>Le jeudi 2 octobre, n<span style=\"color: #353535;\">ous recevrons <\/span>Pierre Keller qui nous parlera de chirurgie et de greffes. C\u2019est un \u00e9l\u00e8ve du <span style=\"color: #291581;\">\u00a0\u00ab\u00a0Professeur\u00a0 Khoury\u00a0\u00bb.<\/span><br \/>\nSon sujet sera \u00ab\u00a0Exp\u00e9rience clinique autour des greffes osseuses et la gestion des tissus mous\u00a0\u00bb<\/p>\n<p><span style=\"color: #000000;\">Vendredi et samedi, nous recevrons le Dr <\/span>Tidu Mankoo qui est Anglais comme son nom l\u2019indique et qui est d\u00e9j\u00e0 venu \u00e0 Perpective. Il a laiss\u00e9 un excellent souvenir \u00e0 nos membres. Vous allez voir une des plus belles pr\u00e9sentations dans le domaine de l\u2019esth\u00e9tique implantaire. Vu ses exigences\u00a0 sur le plan du mat\u00e9riel Vid\u00e9o, ce devrait \u00eatre grandiose. Allez voir son site <a href=\"http:\/\/www.advanceddentistry.co.uk\"><span style=\"color: #0433ff;\">http:\/\/www.advanceddentistry.co.uk<\/span><\/a> vous pourrez lire son \u00e9norme CV\u00a0 et vous\u00a0 pourrez lire \u00a0 qu\u2019il est consid\u00e9r\u00e9 comme \u00ab\u00a0one of the finest clinicians in Europe and a world expert in Aesthetic, Restorative &amp; Implant Dentistry\u00a0\u00bb.<\/p>\n<p>Comptes rendus: n\u00e9cessitent le mot de passe indiqu\u00e9 lors des sessions.<\/p>\n<p>&#8211; Compte rendu A.G.:\u00a0<a href=\"http:\/\/portail.perspective-implantaire.org\/wp-content\/uploads\/2014\/06\/CR-AG-oct-2014-.pdf\">CR AG oct 2014 &#8211;<\/a><\/p>\n<p>&#8211; Compte rendu C.A.:\u00a0<a href=\"http:\/\/portail.perspective-implantaire.org\/wp-content\/uploads\/2014\/06\/CR-CA-oct-14-.pdf\">CR CA oct 14<\/a><\/p>\n<p>&nbsp;<\/p>\n","protected":false},"excerpt":{"rendered":"<p>Prochaine session de PI : 2-3-4 octobre 2014 Lieu: Aix-en-Provence, Palais des congres Programme: Le jeudi 2 octobre, nous recevrons Pierre Keller qui nous parlera de chirurgie et de greffes. C\u2019est un \u00e9l\u00e8ve du \u00a0\u00ab\u00a0Professeur\u00a0 Khoury\u00a0\u00bb. Son sujet sera \u00ab\u00a0Exp\u00e9rience clinique autour des greffes osseuses et la gestion des tissus mous\u00a0\u00bb Vendredi et samedi, nous [&hellip;]<\/p>\n","protected":false},"author":1,"featured_media":0,"comment_status":"closed","ping_status":"closed","sticky":false,"template":"","format":"standard","meta":{"footnotes":"","_links_to":"","_links_to_target":""},"categories":[4],"tags":[],"class_list":["post-185","post","type-post","status-publish","format-standard","hentry","category-previous"],"_links":{"self":[{"href":"https:\/\/portail.perspective-implantaire.org\/index.php?rest_route=\/wp\/v2\/posts\/185","targetHints":{"allow":["GET"]}}],"collection":[{"href":"https:\/\/portail.perspective-implantaire.org\/index.php?rest_route=\/wp\/v2\/posts"}],"about":[{"href":"https:\/\/portail.perspective-implantaire.org\/index.php?rest_route=\/wp\/v2\/types\/post"}],"author":[{"embeddable":true,"href":"https:\/\/portail.perspective-implantaire.org\/index.php?rest_route=\/wp\/v2\/users\/1"}],"replies":[{"embeddable":true,"href":"https:\/\/portail.perspective-implantaire.org\/index.php?rest_route=%2Fwp%2Fv2%2Fcomments&post=185"}],"version-history":[{"count":6,"href":"https:\/\/portail.perspective-implantaire.org\/index.php?rest_route=\/wp\/v2\/posts\/185\/revisions"}],"predecessor-version":[{"id":205,"href":"https:\/\/portail.perspective-implantaire.org\/index.php?rest_route=\/wp\/v2\/posts\/185\/revisions\/205"}],"wp:attachment":[{"href":"https:\/\/portail.perspective-implantaire.org\/index.php?rest_route=%2Fwp%2Fv2%2Fmedia&parent=185"}],"wp:term":[{"taxonomy":"category","embeddable":true,"href":"https:\/\/portail.perspective-implantaire.org\/index.php?rest_route=%2Fwp%2Fv2%2Fcategories&post=185"},{"taxonomy":"post_tag","embeddable":true,"href":"https:\/\/portail.perspective-implantaire.org\/index.php?rest_route=%2Fwp%2Fv2%2Ftags&post=185"}],"curies":[{"name":"wp","href":"https:\/\/api.w.org\/{rel}","templated":true}]}}